{"id":6478,"date":"2026-07-20T10:00:42","date_gmt":"2026-07-20T08:00:42","guid":{"rendered":"https:\/\/leroyalnagyker.hu\/szappantarto-valasztas-viszontelado\/"},"modified":"2026-07-20T10:00:42","modified_gmt":"2026-07-20T08:00:42","slug":"szappantarto-valasztas-viszontelado","status":"publish","type":"post","link":"https:\/\/leroyalnagyker.hu\/vi\/szappantarto-valasztas-viszontelado\/","title":{"rendered":"Szappantart\u00f3 v\u00e1laszt\u00e1s: mire figyeljen viszontelad\u00f3k\u00e9nt?"},"content":{"rendered":"<p>A <a href=\"https:\/\/leroyalnagyker.hu\/termek\/szappantarto-3\/\" class=\"lrpa-inline-product\"><a href=\"https:\/\/leroyalnagyker.hu\/termek\/szappantarto-7\/\" class=\"lrpa-inline-product\">Szappantart\u00f3<\/a><\/a> tipikusan az a term\u00e9k, amelynek nincs l\u00e1tv\u00e1nyos szerepe a polcon, m\u00e9gis sok v\u00e1s\u00e1rl\u00f3 keres r\u00e1, ha rendezettebb mosd\u00f3t vagy zuhanyz\u00f3t szeretne. Viszontelad\u00f3i szemmel az a k\u00e9rd\u00e9s, hogy melyik v\u00e1ltozatot \u00e9rdemes k\u00e9szleten tartani, \u00e9s hogyan lehet \u00fagy k\u00edn\u00e1lni, hogy a vev\u0151 az egyszer\u0171, praktikus megold\u00e1st l\u00e1ssa benne.<\/p>\n<p>Az <em>Apr\u00f3 kieg\u00e9sz\u00edt\u0151k<\/em> kateg\u00f3ri\u00e1ban a szappantart\u00f3 j\u00f3 bel\u00e9p\u0151term\u00e9k: alacsony darab\u00e1r, k\u00f6nnyen \u00e9rthet\u0151 funkci\u00f3, kev\u00e9s magyar\u00e1zat kell mell\u00e9. A beszerz\u00e9sn\u00e9l m\u00e9gis sz\u00e1m\u00edt, hogy a vev\u0151 otthonra, aj\u00e1nd\u00e9kba, piaci v\u00e1s\u00e1rl\u00e1sra vagy webshopos \u201er\u00e1ad\u00e1s\u201d t\u00e9telk\u00e9nt keresi-e.<\/p>\n<h2>Mi\u00e9rt keresik egy\u00e1ltal\u00e1n a szappantart\u00f3t?<\/h2>\n<p>A v\u00e1s\u00e1rl\u00f3i logika egyszer\u0171: a szappan ne \u00e1zzon el, ne kenje \u00f6ssze a k\u00f6rnyezet\u00e9t, \u00e9s legyen k\u00f6nnyen el\u00e9rhet\u0151. A lecsepegtet\u0151s kialak\u00edt\u00e1s ez\u00e9rt nem r\u00e9szletk\u00e9rd\u00e9s, hanem a term\u00e9k l\u00e9nyegi el\u0151nye. Aki erre figyel, \u00e1ltal\u00e1ban nem diz\u00e1jnkieg\u00e9sz\u00edt\u0151t keres, hanem haszn\u00e1lhat\u00f3 h\u00e1ztart\u00e1si darabot.<\/p>\n<p>Ez a kateg\u00f3ria j\u00f3l m\u0171k\u00f6dik azokn\u00e1l az \u00fczletekn\u00e9l, ahol a vev\u0151 impulz\u00edvan d\u00f6nt. Vegyesboltban, aj\u00e1nd\u00e9kboltban vagy h\u00e1ztart\u00e1si \u00fczletben a szappantart\u00f3 sokszor akkor ker\u00fcl kos\u00e1rba, amikor a vev\u0151 m\u00e1r egy\u00e9b tiszt\u00e1lkod\u00e1si vagy otthoni term\u00e9ket is vesz. Webshopban pedig k\u00f6nnyen csatolhat\u00f3 m\u00e1s apr\u00f3 h\u00e1ztart\u00e1si cikkekhez.<\/p>\n<h2>Melyik szempont sz\u00e1m\u00edt t\u00f6bbet: \u00e1r vagy haszn\u00e1lhat\u00f3s\u00e1g?<\/h2>\n<p>Ebben a term\u00e9kk\u00f6rben az \u00e1r fontos, de \u00f6nmag\u00e1ban kev\u00e9s. A vev\u0151 nem felt\u00e9tlen\u00fcl a legolcs\u00f3bb megold\u00e1st keresi, hanem azt, amelyik nem okoz bossz\u00fas\u00e1got haszn\u00e1lat k\u00f6zben. A v\u00edz elvezet\u00e9se, a tiszt\u00edthat\u00f3 fel\u00fclet \u00e9s az egyszer\u0171 forma sokszor t\u00f6bbet nyom a latban, mint n\u00e9h\u00e1ny forint k\u00fcl\u00f6nbs\u00e9g.<\/p>\n<p>A k\u00e9szleten tart\u00e1sn\u00e1l \u00e9rdemes a v\u00e1laszt\u00e9kot \u00fagy \u00f6sszerakni, hogy legyen egy bel\u00e9p\u0151 szint\u0171 \u00e9s egy valamivel magasabb \u00e1r\u00fa opci\u00f3 is. A megadott term\u00e9kek k\u00f6z\u00f6tt p\u00e9ld\u00e1ul a 150 Ft-os \u00e9s 180 Ft-os szappantart\u00f3k j\u00f3 \u00e1r\u00e9rz\u00e9keny szegmensbe val\u00f3k, m\u00edg a 300\u2013500 Ft-os darabok azoknak lehetnek \u00e9rdekesek, akik egy kicsit t\u00f6bbet k\u00f6lten\u00e9nek a praktikumra. Az aktu\u00e1lis brutt\u00f3 \u00e1rakat mindig a term\u00e9kk\u00e1rty\u00e1kon \u00e9rdemes ellen\u0151rizni.<\/p>\n<blockquote><p>Viszontelad\u00f3i szempontb\u00f3l nem az a j\u00f3 k\u00e9rd\u00e9s, hogy \u201emelyik a legolcs\u00f3bb?\u201d, hanem az, hogy \u201emelyik illik a vev\u0151 csatorn\u00e1j\u00e1hoz \u00e9s v\u00e1s\u00e1rl\u00e1si helyzet\u00e9hez?\u201d.<\/p><\/blockquote>\n<h2>Mit mutatnak a term\u00e9kadatok, \u00e9s mit nem szabad belel\u00e1tni?<\/h2>\n<p>A rendelkez\u00e9sre \u00e1ll\u00f3 le\u00edr\u00e1sok alapj\u00e1n minden itt szerepl\u0151 szappantart\u00f3 ugyanarra az alapfunkci\u00f3ra \u00e9p\u00fcl: rendben tartja a szappant a mosd\u00f3n vagy zuhanyban, a lecsepegtet\u0151r\u00e1cs pedig seg\u00edt megel\u0151zni az el\u00e1z\u00e1st. Ez hasznos, mert a vev\u0151nek nem kell bonyolult d\u00f6nt\u00e9st hoznia. Ugyanakkor nem szabad olyan tulajdons\u00e1gokat felt\u00e9telezni, amelyek nincsenek megadva: m\u00e9retet, anyagfajt\u00e1t, sz\u00ednt vagy k\u00fcl\u00f6nleges tartoz\u00e9kot.<\/p>\n<p>Ez a tiszta kommunik\u00e1ci\u00f3 a bolti elad\u00e1sban is el\u0151ny. A munkat\u00e1rs nem ker\u00fcl kellemetlen helyzetbe, ha egyszer\u0171en azt mondja: a term\u00e9k praktikus, k\u00f6nnyen tiszt\u00edthat\u00f3, \u00e9s a v\u00edz elvezet\u00e9s\u00e9re is van megold\u00e1sa. Enn\u00e9l t\u00f6bbet nem kell \u00edg\u00e9rni, \u00e9s nem is \u00e9rdemes.<\/p>\n<h2>Hogyan v\u00e1logasson viszontelad\u00f3k\u00e9nt a k\u00edn\u00e1latba?<\/h2>\n<p>Ha a c\u00e9l az, hogy a szappantart\u00f3 ne csak \u201eegy kis olcs\u00f3 cucc\u201d legyen a polcon, hanem t\u00e9nylegesen \u00e9rt\u00e9kes\u00edthet\u0151 term\u00e9k, akkor h\u00e1rom k\u00e9rd\u00e9sre v\u00e1laszoljon:<\/p>\n<ul>\n<li><strong>Melyik csatorn\u00e1ra sz\u00e1nja?<\/strong> Piacra ink\u00e1bb az alacsony \u00e1r\u00fa, gyorsan \u00e9rthet\u0151 v\u00e1ltozatok val\u00f3k, webshopba pedig az egyszer\u0171en le\u00edrhat\u00f3 \u00e9s csomagolhat\u00f3 darabok.<\/li>\n<li><strong>Mekkora legyen a v\u00e1laszt\u00e9k?<\/strong> Elegend\u0151 lehet 3\u20135 j\u00f3l elk\u00fcl\u00f6n\u00fcl\u0151 \u00e1rpont, nem kell t\u00fal sok nagyon hasonl\u00f3 t\u00e9tel.<\/li>\n<li><strong>Mi mell\u00e9 teszi ki?<\/strong> Szappannal, tusf\u00fcrd\u0151vel, tiszt\u00e1lkod\u00e1si vagy f\u00fcrd\u0151szobai apr\u00f3s\u00e1gokkal egy\u00fctt k\u00f6nnyebben \u00e9szrevehet\u0151.<\/li>\n<\/ul>\n<p>A beszerz\u00e9sn\u00e9l a \u201enagykeresked\u00e9s\u201d szempontja itt legink\u00e1bb a kis \u00e9rt\u00e9k\u0171, k\u00f6nnyen mozgathat\u00f3 k\u00e9szlet miatt \u00e9rdekes. A minimum rendel\u00e9si \u00e9rt\u00e9k \u00e9s a sz\u00e1ll\u00edt\u00e1si id\u0151 a teljes kos\u00e1r tervez\u00e9s\u00e9ben sz\u00e1m\u00edt, nem mag\u00e1ban a term\u00e9kben. Ha nagyobb t\u00e9telben gondolkodik, a rendel\u00e9st \u00e9rdemes el\u0151re \u00fctemezni, mert a k\u00e9szlet \u00e9s a sz\u00e1ll\u00edt\u00e1s a kapacit\u00e1st\u00f3l f\u00fcgg\u0151en alakul.<\/p>\n<h2>Bolti \u00e9s webshopos elad\u00e1s: ugyanaz a term\u00e9k, m\u00e1s megfogalmaz\u00e1s<\/h2>\n<p>Bolti k\u00f6rnyezetben a vev\u0151 gyakran r\u00e1n\u00e9z\u00e9sre d\u00f6nt. Ilyenkor a szappantart\u00f3t \u00fagy kell elhelyezni, hogy azonnal l\u00e1tsz\u00f3djon a funkci\u00f3ja. A webshopban viszont a sz\u00f6vegnek kell p\u00f3tolnia azt, amit a polc elint\u00e9zne: r\u00f6viden le kell \u00edrni, hogy mire val\u00f3, \u00e9s mi\u00e9rt hasznos.<\/p>\n<p>Ehhez nem kell hossz\u00fa term\u00e9kle\u00edr\u00e1s. El\u00e9g, ha a sz\u00f6veg vil\u00e1gosan elmondja: szappantart\u00f3 mosd\u00f3hoz vagy zuhanyba, lecsepegtet\u0151 r\u00e9sszel, k\u00f6nnyen tiszt\u00edthat\u00f3 fel\u00fclettel. Ez a h\u00e1rom mondat sokkal t\u00f6bbet \u00e9r, mint egy t\u00falzottan \u00e1ltal\u00e1nos marketingfogalmaz\u00e1s.<\/p>\n<h2>Gyakorlati p\u00e9lda egy kisebb \u00fczletb\u0151l<\/h2>\n<p>Vegy\u00fcnk egy vegyesboltot, ahol a tulajdonos a f\u00fcrd\u0151szobai apr\u00f3s\u00e1gokat is tartani akarja. A tapasztalat szerint nem sz\u00fcks\u00e9ges sokf\u00e9le szappantart\u00f3, ink\u00e1bb n\u00e9h\u00e1ny \u00e1rban elt\u00e9r\u0151 v\u00e1ltozat elegend\u0151. Az als\u00f3 \u00e1rpont a gyors, h\u00e9tk\u00f6znapi v\u00e1s\u00e1rl\u00e1sokat foghatja meg, a kicsit magasabb \u00e1r\u00fa darab pedig azoknak lehet \u00e9rdekes, akik rendezettebb vagy tart\u00f3sabb megold\u00e1st keresnek.<\/p>\n<p>Ilyenkor a d\u00f6nt\u00e9s nem csak \u00e1rk\u00e9rd\u00e9s. Ha a boltban van szappan, k\u00e9z\u00e1pol\u00f3 vagy m\u00e1s f\u00fcrd\u0151szobai kieg\u00e9sz\u00edt\u0151, a szappantart\u00f3 mell\u00e9 t\u00e9ve sokkal \u00e9rthet\u0151bb a funkci\u00f3ja. Webshopban ugyanez a logika m\u0171k\u00f6dik kateg\u00f3riaaj\u00e1nl\u00f3k\u00e9nt: a vev\u0151 egy kos\u00e1rban int\u00e9zheti a kisebb h\u00e1ztart\u00e1si beszerz\u00e9st.<\/p>\n<h2>Mire figyeljen rendel\u00e9s el\u0151tt?<\/h2>\n<ol>\n<li>Ellen\u0151rizze, hogy a term\u00e9kadatok alapj\u00e1n pontosan mit tud kommunik\u00e1lni, \u00e9s mit nem.<\/li>\n<li>Ne \u00e9p\u00edtsen be olyan \u00e1ll\u00edt\u00e1st, amely nincs a le\u00edr\u00e1sban vagy a term\u00e9kadatban.<\/li>\n<li>A k\u00e9szletet a forgalmaz\u00e1si csatorn\u00e1hoz igaz\u00edtsa: piac, bolt, webshop m\u00e1s ritmust k\u00edv\u00e1n.<\/li>\n<li>Ha t\u00f6bb t\u00e9telt rendel, a sz\u00e1ll\u00edt\u00e1si id\u0151t \u00e9s az esetleges egyedi egyeztet\u00e9st el\u0151re tervezze be.<\/li>\n<li>Nagyobb rendel\u00e9sn\u00e9l c\u00e9lszer\u0171 a teljes beszerz\u00e9si k\u00f6lts\u00e9get \u00e9s a k\u00f6nyvel\u00e9si, \u00e1f\u00e1s k\u00e9rd\u00e9seket is egyeztetni a saj\u00e1t szak\u00e9rt\u0151j\u00e9vel.<\/li>\n<\/ol>\n<p>Az ilyen apr\u00f3 kieg\u00e9sz\u00edt\u0151k \u00e9rt\u00e9ke nem a l\u00e1tv\u00e1nyban, hanem a praktikum gyors felismer\u00e9s\u00e9ben van. Ha ezt siker\u00fcl j\u00f3l kommunik\u00e1lni, a szappantart\u00f3 k\u00f6nnyen beilleszthet\u0151 egy m\u0171k\u00f6d\u0151, egyszer\u0171en forgathat\u00f3 v\u00e1laszt\u00e9kba.<\/p>\n<p>Aki viszontelad\u00f3k\u00e9nt gondolkodik, annak ez a kateg\u00f3ria j\u00f3 tesztterep: kev\u00e9s kock\u00e1zat, tiszta funkci\u00f3, \u00e9s olyan term\u00e9k, amelyn\u00e9l a vev\u0151 r\u00f6gt\u00f6n \u00e9rti, mire val\u00f3. A d\u00f6nt\u00e9s v\u00e9g\u00fcl nem bonyolult: azt a v\u00e1ltozatot \u00e9rdemes tartani, amelyet a saj\u00e1t v\u00e1s\u00e1rl\u00f3i k\u00f6re val\u00f3ban el tud k\u00e9pzelni a f\u00fcrd\u0151szob\u00e1j\u00e1ban.<\/p>\n<h2>GYIK<\/h2>\n<p><strong>Mire val\u00f3 a szappantart\u00f3?<\/strong><br \/>A szappan rendezett t\u00e1rol\u00e1s\u00e1ra, hogy mosd\u00f3n vagy zuhanyban ne \u00e1lljon v\u00edzben.<\/p>\n<p><strong>Mi\u00e9rt el\u0151ny\u00f6s a lecsepegtet\u0151s kialak\u00edt\u00e1s?<\/strong><br \/>Seg\u00edt elvezetni a vizet, \u00edgy a szappan kev\u00e9sb\u00e9 \u00e1zik el.<\/p>\n<p><strong>Viszontelad\u00f3k\u00e9nt \u00e9rdemes t\u00f6bb \u00e1rpontot tartani?<\/strong><br \/>Igen, mert a k\u00fcl\u00f6nb\u00f6z\u0151 v\u00e1s\u00e1rl\u00f3i szok\u00e1sokhoz m\u00e1s \u00e1rszint illik.<\/p>\n<p><strong>Bolti vagy webshopos elad\u00e1sra jobb ez a term\u00e9k?<\/strong><br \/>Mindkett\u0151re alkalmas, csak m\u00e1sk\u00e9pp kell t\u00e1lalni a funkci\u00f3j\u00e1t.<\/p>\n<p><strong>Kell-e k\u00fcl\u00f6n\u00f6sebb term\u00e9k\u00edg\u00e9retet tenni mell\u00e9?<\/strong><br \/>Nem, el\u00e9g a pontos, val\u00f3s funkci\u00f3t hangs\u00falyozni.<\/p>\n<aside class=\"lrpa-related\">\n<h2>Kapcsol\u00f3d\u00f3 viszontelad\u00f3i \u00fatmutat\u00f3k<\/h2>\n<ul>\n<li><a href=\"https:\/\/leroyalnagyker.hu\/keresztertesites-ajandekbolt-tervezesi-utmutato\/\">Kereszt\u00e9rt\u00e9kes\u00edt\u00e9s aj\u00e1nd\u00e9kboltban: tervez\u00e9si \u00fatmutat\u00f3<\/a><\/li>\n<li><a href=\"https:\/\/leroyalnagyker.hu\/zuhanyfuggony-meret-szin-valasztas\/\">Zuhanyf\u00fcgg\u00f6ny: melyik m\u00e9retet \u00e9s sz\u00ednt v\u00e1lasszuk?<\/a><\/li>\n<li><a href=\"https:\/\/leroyalnagyker.hu\/webshopos-keszletellenorzo-lista\/\">Webshopos k\u00e9szletellen\u0151rz\u0151lista viszontelad\u00f3knak<\/a><\/li>\n<\/ul>\n<\/aside>\n<p>[leroyal_catalog_products ids=&#8221;3531,3535,3575&#8243;]<\/p>\n<section class=\"lrpa-faq\">\n<h2>Gyakori k\u00e9rd\u00e9sek<\/h2>\n<h3>Mire val\u00f3 a szappantart\u00f3?<\/h3>\n<p>A szappan rendezett t\u00e1rol\u00e1s\u00e1ra, hogy mosd\u00f3n vagy zuhanyban ne \u00e1lljon v\u00edzben.<\/p>\n<h3>Mi\u00e9rt el\u0151ny\u00f6s a lecsepegtet\u0151s kialak\u00edt\u00e1s?<\/h3>\n<p>Seg\u00edt elvezetni a vizet, \u00edgy a szappan kev\u00e9sb\u00e9 \u00e1zik el.<\/p>\n<h3>Viszontelad\u00f3k\u00e9nt \u00e9rdemes t\u00f6bb \u00e1rpontot tartani?<\/h3>\n<p>Igen, mert a k\u00fcl\u00f6nb\u00f6z\u0151 v\u00e1s\u00e1rl\u00f3i szok\u00e1sokhoz m\u00e1s \u00e1rszint illik.<\/p>\n<h3>Bolti vagy webshopos elad\u00e1sra jobb ez a term\u00e9k?<\/h3>\n<p>Mindkett\u0151re alkalmas, csak m\u00e1sk\u00e9pp kell t\u00e1lalni a funkci\u00f3j\u00e1t.<\/p>\n<h3>Kell-e k\u00fcl\u00f6n\u00f6sebb term\u00e9k\u00edg\u00e9retet tenni mell\u00e9?<\/h3>\n<p>Nem, el\u00e9g a pontos, val\u00f3s funkci\u00f3t hangs\u00falyozni.<\/p>\n<\/section>\n<p class=\"lrpa-disclosure\"><em>Az \u00fczleti p\u00e9ld\u00e1k t\u00e1j\u00e9koztat\u00f3 jelleg\u0171ek. Az aktu\u00e1lis term\u00e9k\u00e1rakat, k\u00e9szletet, sz\u00e1ll\u00edt\u00e1si felt\u00e9teleket \u00e9s v\u00e1llalkoz\u00e1si k\u00f6lts\u00e9geket d\u00f6nt\u00e9s el\u0151tt k\u00fcl\u00f6n ellen\u0151rizd.<\/em><\/p>\n","protected":false},"excerpt":{"rendered":"<p>A szappantart\u00f3 apr\u00f3, de j\u00f3l forg\u00f3 h\u00e1ztart\u00e1si kieg\u00e9sz\u00edt\u0151 lehet, ha a vev\u0151i ig\u00e9nyhez \u00e9s az \u00e9rt\u00e9kes\u00edt\u00e9si csatorn\u00e1hoz illeszkedik. Ebben a kisokosban azt n\u00e9zz\u00fck meg, mire \u00e9rdemes figyelni beszerz\u00e9skor.<\/p>","protected":false},"author":1,"featured_media":6479,"comment_status":"open","ping_status":"open","sticky":false,"template":"","format":"standard","meta":{"_bst_post_transparent":"","_bst_post_title":"","_bst_post_layout":"","_bst_post_sidebar_id":"","_bst_post_content_style":"","_bst_post_vertical_padding":"","_bst_post_feature":"","_bst_post_feature_position":"","_bst_post_header":false,"_bst_post_footer":false,"footnotes":""},"categories":[133],"tags":[195,199,196,194,197,198],"class_list":["post-6478","post","type-post","status-publish","format-standard","has-post-thumbnail","hentry","category-beszerzes-es-valasztektervezes","tag-apro-kiegeszitok","tag-bolti-beszerzes","tag-haztartasi-kiegeszito","tag-szappantarto","tag-viszonteladas","tag-webshop-termekvalasztas"],"_links":{"self":[{"href":"https:\/\/leroyalnagyker.hu\/vi\/wp-json\/wp\/v2\/posts\/6478","targetHints":{"allow":["GET"]}}],"collection":[{"href":"https:\/\/leroyalnagyker.hu\/vi\/wp-json\/wp\/v2\/posts"}],"about":[{"href":"https:\/\/leroyalnagyker.hu\/vi\/wp-json\/wp\/v2\/types\/post"}],"author":[{"embeddable":true,"href":"https:\/\/leroyalnagyker.hu\/vi\/wp-json\/wp\/v2\/users\/1"}],"replies":[{"embeddable":true,"href":"https:\/\/leroyalnagyker.hu\/vi\/wp-json\/wp\/v2\/comments?post=6478"}],"version-history":[{"count":0,"href":"https:\/\/leroyalnagyker.hu\/vi\/wp-json\/wp\/v2\/posts\/6478\/revisions"}],"wp:featuredmedia":[{"embeddable":true,"href":"https:\/\/leroyalnagyker.hu\/vi\/wp-json\/wp\/v2\/media\/6479"}],"wp:attachment":[{"href":"https:\/\/leroyalnagyker.hu\/vi\/wp-json\/wp\/v2\/media?parent=6478"}],"wp:term":[{"taxonomy":"category","embeddable":true,"href":"https:\/\/leroyalnagyker.hu\/vi\/wp-json\/wp\/v2\/categories?post=6478"},{"taxonomy":"post_tag","embeddable":true,"href":"https:\/\/leroyalnagyker.hu\/vi\/wp-json\/wp\/v2\/tags?post=6478"}],"curies":[{"name":"wp","href":"https:\/\/api.w.org\/{rel}","templated":true}]}}