{"id":115,"count":22,"description":"<p>Fedezze fel <strong>fazekak \u00e9s ed\u00e9nyek<\/strong> kateg\u00f3ri\u00e1nkat, ahol rozsdamentes ac\u00e9l ed\u00e9nyk\u00e9szletek, zom\u00e1ncos ed\u00e9nyek, tejforral\u00f3 l\u00e1basok \u00e9s praktikus f\u0151z\u0151ed\u00e9nyek v\u00e1rj\u00e1k. Min\u0151s\u00e9gi konyhai ed\u00e9nyek nagykereskedelmi \u00e1ron viszontelad\u00f3k, \u00fczletek \u00e9s web\u00e1ruh\u00e1zak sz\u00e1m\u00e1ra.<\/p>","link":"https:\/\/leroyalnagyker.hu\/de\/termekkategoria\/fazekak-es-edenyek\/","name":"T\u00f6pfe und Pfannen","slug":"fazekak-es-edenyek","taxonomy":"product_cat","parent":0,"meta":{"group_of_quantity":""},"menu_order":0,"_links":{"self":[{"href":"https:\/\/leroyalnagyker.hu\/de\/wp-json\/wp\/v2\/product_cat\/115","targetHints":{"allow":["GET"]}}],"collection":[{"href":"https:\/\/leroyalnagyker.hu\/de\/wp-json\/wp\/v2\/product_cat"}],"about":[{"href":"https:\/\/leroyalnagyker.hu\/de\/wp-json\/wp\/v2\/taxonomies\/product_cat"}],"wp:post_type":[{"href":"https:\/\/leroyalnagyker.hu\/de\/wp-json\/wp\/v2\/product?product_cat=115"}],"curies":[{"name":"wp","href":"https:\/\/api.w.org\/{rel}","templated":true}]}}