{"id":101,"count":26,"description":"<p>V\u00e1logasson <strong>eloszt\u00f3k \u00e9s hosszabb\u00edt\u00f3k<\/strong> sz\u00e9les v\u00e1laszt\u00e9k\u00e1b\u00f3l! K\u00edn\u00e1latunkban 3 aljzatos hosszabb\u00edt\u00f3k k\u00fcl\u00f6nb\u00f6z\u0151 k\u00e1belhosszal, fali eloszt\u00f3k, T eloszt\u00f3k \u00e9s praktikus h\u00e1l\u00f3zati eloszt\u00f3k tal\u00e1lhat\u00f3k otthoni, irodai \u00e9s \u00fczleti felhaszn\u00e1l\u00e1sra. Min\u0151s\u00e9gi Technik hosszabb\u00edt\u00f3k \u00e9s eloszt\u00f3k nagykereskedelmi \u00e1ron viszontelad\u00f3k sz\u00e1m\u00e1ra.<\/p>","link":"https:\/\/leroyalnagyker.hu\/de\/termekkategoria\/elosztok-hosszabbitok\/","name":"Vertriebspartner\/Nebenstellen","slug":"elosztok-hosszabbitok","taxonomy":"product_cat","parent":0,"meta":{"group_of_quantity":""},"menu_order":0,"_links":{"self":[{"href":"https:\/\/leroyalnagyker.hu\/de\/wp-json\/wp\/v2\/product_cat\/101","targetHints":{"allow":["GET"]}}],"collection":[{"href":"https:\/\/leroyalnagyker.hu\/de\/wp-json\/wp\/v2\/product_cat"}],"about":[{"href":"https:\/\/leroyalnagyker.hu\/de\/wp-json\/wp\/v2\/taxonomies\/product_cat"}],"wp:post_type":[{"href":"https:\/\/leroyalnagyker.hu\/de\/wp-json\/wp\/v2\/product?product_cat=101"}],"curies":[{"name":"wp","href":"https:\/\/api.w.org\/{rel}","templated":true}]}}